{"id":1856,"date":"2025-07-22T15:59:02","date_gmt":"2025-07-22T13:59:02","guid":{"rendered":"https:\/\/www.e-lentillas.com\/blog\/?p=1856"},"modified":"2025-07-23T18:27:33","modified_gmt":"2025-07-23T16:27:33","slug":"tendencias-en-gafas-de-sol-para-la-primavera-verano-2025","status":"publish","type":"post","link":"https:\/\/www.e-lentillas.com\/blog\/tendencias-en-gafas-de-sol-para-la-primavera-verano-2025\/","title":{"rendered":"Tendencias en gafas de sol para la primavera-verano 2025"},"content":{"rendered":"\n<p>El buen tiempo ya est\u00e1 aqu\u00ed y con \u00e9l llegan las nuevas tendencias en <a href=\"https:\/\/www.e-lentillas.com\/55-gafas-de-sol\">gafas de sol <\/a>para esta temporada primavera-verano 2025. Si quieres proteger tu vista con estilo, toma nota de los modelos, formas y colores que m\u00e1s se van a llevar este a\u00f1o. Ya que las gafas de sol, no solo te proteger\u00e1n sino que ser\u00e1n tu aliado en todos tus looks. <\/p>\n\n\n\n<p>Este 2025 las formas geom\u00e9tricas se imponen con fuerza. Vuelven las <strong>gafas de sol rectangulares<\/strong> con un aire futurista, ideales para un look urbano y sofisticado. Tambi\u00e9n triunfan las <strong>monturas ovaladas y redondas<\/strong>, perfectas para aportar un toque retro y desenfadado a cualquier outfit.<\/p>\n\n\n\n<p>Las <strong>gafas oversize<\/strong> siguen siendo un must para quienes buscan protecci\u00f3n y glamour en una sola pieza. Adem\u00e1s, las monturas <strong>cat-eye<\/strong> contin\u00faan marcando tendencia entre quienes prefieren un estilo femenino y atrevido.<\/p>\n\n\n\n<p>En cuanto a colores, esta temporada apuesta por la <strong>diversi\u00f3n y la frescura<\/strong>. Ver\u00e1s muchas gafas en tonos <strong>pastel<\/strong>, como el rosa empolvado, el azul cielo o el verde menta. Tambi\u00e9n destacan los <strong>colores vibrantes<\/strong>, como el rojo coral, el amarillo y el fucsia, ideales para quienes quieren destacar bajo el sol.<\/p>\n\n\n\n<p>Las <strong>monturas transparentes<\/strong> o en tonos degradados tambi\u00e9n ganan protagonismo, ofreciendo un toque moderno y ligero.<\/p>\n\n\n\n<p>Por supuesto cabe destacar que las gafas de sol deben de ser un aliado para todos nuestros planes, atardeceres, festivales, playa, deporte y un largo etc. Por eso os dejamos algunas ideas para este verano. <\/p>\n\n\n\n<p><strong>Carolina Herrera HER 0255\/S<\/strong><\/p>\n\n\n\n<p>Estas gafas cuadradas son un must have este verano para los que buscan una est\u00e9tica sofisticada y moderna. Este modelo en color negro en el frontal y en varilla combinado con blanco lo hacen muy elegante. &nbsp;Ofrece la correcta protecci\u00f3n UV frente a los rayos del sol y se comercializan con su funda protectora y una gamuza para una sencilla limpieza.<\/p>\n\n\n\n<figure class=\"wp-block-image size-full\"><img fetchpriority=\"high\" decoding=\"async\" width=\"1000\" height=\"1000\" src=\"https:\/\/www.e-lentillas.com\/blog\/wp-content\/uploads\/2025\/07\/207591.webp\" alt=\"gafas de sol carolina herrera\" class=\"wp-image-1857\" srcset=\"https:\/\/www.e-lentillas.com\/blog\/wp-content\/uploads\/2025\/07\/207591.webp 1000w, https:\/\/www.e-lentillas.com\/blog\/wp-content\/uploads\/2025\/07\/207591-300x300.webp 300w, https:\/\/www.e-lentillas.com\/blog\/wp-content\/uploads\/2025\/07\/207591-75x75.webp 75w, https:\/\/www.e-lentillas.com\/blog\/wp-content\/uploads\/2025\/07\/207591-768x768.webp 768w\" sizes=\"(max-width: 1000px) 100vw, 1000px\" \/><\/figure>\n\n\n\n<p><strong>Max Mara MM0095\/S<\/strong><\/p>\n\n\n\n<p>Esta gafa de Max Mara tiene un dise\u00f1o muy actual. Su montura tipo cat eye con la combinaci\u00f3n de la pasta y el metal hacen un dise\u00f1o sofisticado a la vez que glamuroso. El cristal gradient brown favorece a todo tipo de outfits. <\/p>\n\n\n\n<figure class=\"wp-block-image size-full\"><img decoding=\"async\" width=\"1000\" height=\"1000\" src=\"https:\/\/www.e-lentillas.com\/blog\/wp-content\/uploads\/2025\/07\/mm0095-s.webp\" alt=\"gafas de sol max mara \" class=\"wp-image-1859\" srcset=\"https:\/\/www.e-lentillas.com\/blog\/wp-content\/uploads\/2025\/07\/mm0095-s.webp 1000w, https:\/\/www.e-lentillas.com\/blog\/wp-content\/uploads\/2025\/07\/mm0095-s-300x300.webp 300w, https:\/\/www.e-lentillas.com\/blog\/wp-content\/uploads\/2025\/07\/mm0095-s-75x75.webp 75w, https:\/\/www.e-lentillas.com\/blog\/wp-content\/uploads\/2025\/07\/mm0095-s-768x768.webp 768w\" sizes=\"(max-width: 1000px) 100vw, 1000px\" \/><\/figure>\n\n\n\n<p><strong>Gucci GG0956S<\/strong><\/p>\n\n\n\n<p>Esta gafa de <a href=\"https:\/\/www.gucci.com\/es\/es\/ca\/women\/accessories-for-women\/eyewear-for-women\/sunglasses-for-women-c-women-accessories-sunglasses?srsltid=AfmBOoosNDZeTVVpR-reAnAcv6hS2gLU5g0mR8MbTkN4rSvcRfLe0A0C\">Gucci <\/a>oversize tiene una elegancia innata. Cuentan con un dise\u00f1o atemporal y cuidado, gracias a detalles como la decoraci\u00f3n en dorado de sus varillas en la que se puede observar las siglas en dorado de la casa de lujo italiana. Adem\u00e1s cuenta con un filtro solar 3 para asegurarte una protecci\u00f3n total contra los rayos del sol. <\/p>\n\n\n\n<figure class=\"wp-block-image size-full\"><img decoding=\"async\" width=\"1000\" height=\"1000\" src=\"https:\/\/www.e-lentillas.com\/blog\/wp-content\/uploads\/2025\/07\/gg0956s.webp\" alt=\"gafas de sol gucci\" class=\"wp-image-1861\" srcset=\"https:\/\/www.e-lentillas.com\/blog\/wp-content\/uploads\/2025\/07\/gg0956s.webp 1000w, https:\/\/www.e-lentillas.com\/blog\/wp-content\/uploads\/2025\/07\/gg0956s-300x300.webp 300w, https:\/\/www.e-lentillas.com\/blog\/wp-content\/uploads\/2025\/07\/gg0956s-75x75.webp 75w, https:\/\/www.e-lentillas.com\/blog\/wp-content\/uploads\/2025\/07\/gg0956s-768x768.webp 768w\" sizes=\"(max-width: 1000px) 100vw, 1000px\" \/><\/figure>\n\n\n\n<p>Explora en nuestra web y encuentra el modelo perfecto para este verano que combine con todos tus looks, las gafas de sol son mas que un accesorio. <\/p>\n","protected":false},"excerpt":{"rendered":"<p>El buen tiempo ya est\u00e1 aqu\u00ed y con \u00e9l llegan las nuevas tendencias en gafas de sol para esta temporada primavera-verano 2025. Si quieres proteger tu vista con estilo, toma nota de los modelos, formas y colores que m\u00e1s se van a llevar este a\u00f1o. Ya que las gafas de sol, no solo te proteger\u00e1n sino que ser\u00e1n tu aliado en todos tus looks. Este 2025 las formas geom\u00e9tricas se imponen con fuerza. Vuelven las gafas de sol rectangulares con un aire futurista, ideales para un look urbano y sofisticado. Tambi\u00e9n triunfan las monturas ovaladas y redondas, perfectas para aportar un toque retro y desenfadado a cualquier outfit. Las gafas oversize siguen siendo un must para quienes buscan protecci\u00f3n y glamour en una sola pieza. Adem\u00e1s, las monturas cat-eye contin\u00faan marcando tendencia entre quienes prefieren un estilo femenino y atrevido. En cuanto a colores, esta temporada apuesta por la diversi\u00f3n y la frescura. Ver\u00e1s muchas gafas en tonos pastel, como el rosa empolvado, el azul cielo o el verde menta. Tambi\u00e9n destacan los colores vibrantes, como el rojo coral, el amarillo y el fucsia, ideales para quienes quieren destacar bajo el sol. Las monturas transparentes o en tonos degradados tambi\u00e9n ganan protagonismo, ofreciendo un toque moderno y ligero. Por supuesto cabe destacar que las gafas de sol deben de ser un aliado para todos nuestros planes, atardeceres, festivales, playa, deporte y un largo etc. Por eso os dejamos algunas ideas para este verano. Carolina Herrera HER 0255\/S Estas gafas cuadradas son un must have este verano para los que buscan una est\u00e9tica sofisticada y moderna. Este modelo en color negro en el frontal y en varilla combinado con blanco lo hacen muy elegante. &nbsp;Ofrece la correcta protecci\u00f3n UV frente a los rayos del sol y se comercializan con su funda protectora y una gamuza para una sencilla limpieza. Max Mara MM0095\/S Esta gafa de Max Mara tiene un dise\u00f1o muy actual. Su montura tipo cat eye con la combinaci\u00f3n de la pasta y el metal hacen un dise\u00f1o sofisticado a la vez que glamuroso. El cristal gradient brown favorece a todo tipo de outfits. Gucci GG0956S Esta gafa de Gucci oversize tiene una elegancia innata. Cuentan con un dise\u00f1o atemporal y cuidado, gracias a detalles como la decoraci\u00f3n en dorado de sus varillas en la que se puede observar las siglas en dorado de la casa de lujo italiana. Adem\u00e1s cuenta con un filtro solar 3 para asegurarte una protecci\u00f3n total contra los rayos del sol. Explora en nuestra web y encuentra el modelo perfecto para este verano que combine con todos tus looks, las gafas de sol son mas que un accesorio.<\/p>\n","protected":false},"author":1,"featured_media":1865,"comment_status":"open","ping_status":"open","sticky":false,"template":"","format":"standard","meta":{"footnotes":""},"categories":[56],"tags":[57,114,170,74],"class_list":["post-1856","post","type-post","status-publish","format-standard","has-post-thumbnail","hentry","category-gafas-de-sol","tag-gafas-de-sol","tag-gafas-de-sol-polarizadas","tag-gafas-influencers","tag-tendencias"],"yoast_head":"<!-- This site is optimized with the Yoast SEO plugin v23.6 - https:\/\/yoast.com\/wordpress\/plugins\/seo\/ -->\n<title>Tendencias en gafas de sol para la primavera-verano 2025 - Blog e-lentillas<\/title>\n<meta name=\"description\" content=\"Descubre las gafas de sol que son tendencia en primavera-verano 2025: formas cuadradas, colores pastel y cat eye\" \/>\n<meta name=\"robots\" content=\"index, follow, max-snippet:-1, max-image-preview:large, max-video-preview:-1\" \/>\n<link rel=\"canonical\" href=\"https:\/\/www.e-lentillas.com\/blog\/tendencias-en-gafas-de-sol-para-la-primavera-verano-2025\/\" \/>\n<meta property=\"og:locale\" content=\"es_ES\" \/>\n<meta property=\"og:type\" content=\"article\" \/>\n<meta property=\"og:title\" content=\"Tendencias en gafas de sol para la primavera-verano 2025 - Blog e-lentillas\" \/>\n<meta property=\"og:description\" content=\"Descubre las gafas de sol que son tendencia en primavera-verano 2025: formas cuadradas, colores pastel y cat eye\" \/>\n<meta property=\"og:url\" content=\"https:\/\/www.e-lentillas.com\/blog\/tendencias-en-gafas-de-sol-para-la-primavera-verano-2025\/\" \/>\n<meta property=\"og:site_name\" content=\"Blog e-lentillas\" \/>\n<meta property=\"article:publisher\" content=\"https:\/\/www.facebook.com\/elentillas\/\" \/>\n<meta property=\"article:author\" content=\"https:\/\/www.facebook.com\/elentillas\/\" \/>\n<meta property=\"article:published_time\" content=\"2025-07-22T13:59:02+00:00\" \/>\n<meta property=\"article:modified_time\" content=\"2025-07-23T16:27:33+00:00\" \/>\n<meta property=\"og:image\" content=\"https:\/\/www.e-lentillas.com\/blog\/wp-content\/uploads\/2025\/07\/pexels-vitorcastrofotografia-1827354-scaled.jpg\" \/>\n\t<meta property=\"og:image:width\" content=\"2560\" \/>\n\t<meta property=\"og:image:height\" content=\"1920\" \/>\n\t<meta property=\"og:image:type\" content=\"image\/jpeg\" \/>\n<meta name=\"author\" content=\"e-lentillas\" \/>\n<meta name=\"twitter:card\" content=\"summary_large_image\" \/>\n<meta name=\"twitter:label1\" content=\"Escrito por\" \/>\n\t<meta name=\"twitter:data1\" content=\"e-lentillas\" \/>\n\t<meta name=\"twitter:label2\" content=\"Tiempo de lectura\" \/>\n\t<meta name=\"twitter:data2\" content=\"3 minutos\" \/>\n<script type=\"application\/ld+json\" class=\"yoast-schema-graph\">{\"@context\":\"https:\/\/schema.org\",\"@graph\":[{\"@type\":[\"WebPage\",\"ItemPage\"],\"@id\":\"https:\/\/www.e-lentillas.com\/blog\/tendencias-en-gafas-de-sol-para-la-primavera-verano-2025\/\",\"url\":\"https:\/\/www.e-lentillas.com\/blog\/tendencias-en-gafas-de-sol-para-la-primavera-verano-2025\/\",\"name\":\"Tendencias en gafas de sol para la primavera-verano 2025 - Blog e-lentillas\",\"isPartOf\":{\"@id\":\"https:\/\/www.e-lentillas.com\/blog\/#website\"},\"primaryImageOfPage\":{\"@id\":\"https:\/\/www.e-lentillas.com\/blog\/tendencias-en-gafas-de-sol-para-la-primavera-verano-2025\/#primaryimage\"},\"image\":{\"@id\":\"https:\/\/www.e-lentillas.com\/blog\/tendencias-en-gafas-de-sol-para-la-primavera-verano-2025\/#primaryimage\"},\"thumbnailUrl\":\"https:\/\/www.e-lentillas.com\/blog\/wp-content\/uploads\/2025\/07\/pexels-vitorcastrofotografia-1827354-scaled.jpg\",\"datePublished\":\"2025-07-22T13:59:02+00:00\",\"dateModified\":\"2025-07-23T16:27:33+00:00\",\"author\":{\"@id\":\"https:\/\/www.e-lentillas.com\/blog\/#\/schema\/person\/4d475bf387fe7f5c06e08296fd61a35f\"},\"description\":\"Descubre las gafas de sol que son tendencia en primavera-verano 2025: formas cuadradas, colores pastel y cat eye\",\"breadcrumb\":{\"@id\":\"https:\/\/www.e-lentillas.com\/blog\/tendencias-en-gafas-de-sol-para-la-primavera-verano-2025\/#breadcrumb\"},\"inLanguage\":\"es\",\"potentialAction\":[{\"@type\":\"ReadAction\",\"target\":[\"https:\/\/www.e-lentillas.com\/blog\/tendencias-en-gafas-de-sol-para-la-primavera-verano-2025\/\"]}]},{\"@type\":\"ImageObject\",\"inLanguage\":\"es\",\"@id\":\"https:\/\/www.e-lentillas.com\/blog\/tendencias-en-gafas-de-sol-para-la-primavera-verano-2025\/#primaryimage\",\"url\":\"https:\/\/www.e-lentillas.com\/blog\/wp-content\/uploads\/2025\/07\/pexels-vitorcastrofotografia-1827354-scaled.jpg\",\"contentUrl\":\"https:\/\/www.e-lentillas.com\/blog\/wp-content\/uploads\/2025\/07\/pexels-vitorcastrofotografia-1827354-scaled.jpg\",\"width\":2560,\"height\":1920},{\"@type\":\"BreadcrumbList\",\"@id\":\"https:\/\/www.e-lentillas.com\/blog\/tendencias-en-gafas-de-sol-para-la-primavera-verano-2025\/#breadcrumb\",\"itemListElement\":[{\"@type\":\"ListItem\",\"position\":1,\"name\":\"Portada\",\"item\":\"https:\/\/www.e-lentillas.com\/blog\/\"},{\"@type\":\"ListItem\",\"position\":2,\"name\":\"Tendencias en gafas de sol para la primavera-verano 2025\"}]},{\"@type\":\"WebSite\",\"@id\":\"https:\/\/www.e-lentillas.com\/blog\/#website\",\"url\":\"https:\/\/www.e-lentillas.com\/blog\/\",\"name\":\"Blog e-lentillas\",\"description\":\"noticias, informaci\u00f3n, consejos y todo lo relacionado con salud ocular, lentes de contacto, soluciones de limpieza, entre otros\",\"alternateName\":\"E-lentillas tu \u00f3ptica online 24 horas\",\"potentialAction\":[{\"@type\":\"SearchAction\",\"target\":{\"@type\":\"EntryPoint\",\"urlTemplate\":\"https:\/\/www.e-lentillas.com\/blog\/?s={search_term_string}\"},\"query-input\":{\"@type\":\"PropertyValueSpecification\",\"valueRequired\":true,\"valueName\":\"search_term_string\"}}],\"inLanguage\":\"es\"},{\"@type\":\"Person\",\"@id\":\"https:\/\/www.e-lentillas.com\/blog\/#\/schema\/person\/4d475bf387fe7f5c06e08296fd61a35f\",\"name\":\"e-lentillas\",\"image\":{\"@type\":\"ImageObject\",\"inLanguage\":\"es\",\"@id\":\"https:\/\/www.e-lentillas.com\/blog\/#\/schema\/person\/image\/\",\"url\":\"https:\/\/secure.gravatar.com\/avatar\/c2f4bcab00ef3de349f724e9fd6140a6?s=96&d=mm&r=g\",\"contentUrl\":\"https:\/\/secure.gravatar.com\/avatar\/c2f4bcab00ef3de349f724e9fd6140a6?s=96&d=mm&r=g\",\"caption\":\"e-lentillas\"},\"sameAs\":[\"https:\/\/www.e-lentillas.com\/blog\/\",\"https:\/\/www.facebook.com\/elentillas\/\",\"https:\/\/www.instagram.com\/elentillas\/\"]}]}<\/script>\n<!-- \/ Yoast SEO plugin. -->","yoast_head_json":{"title":"Tendencias en gafas de sol para la primavera-verano 2025 - Blog e-lentillas","description":"Descubre las gafas de sol que son tendencia en primavera-verano 2025: formas cuadradas, colores pastel y cat eye","robots":{"index":"index","follow":"follow","max-snippet":"max-snippet:-1","max-image-preview":"max-image-preview:large","max-video-preview":"max-video-preview:-1"},"canonical":"https:\/\/www.e-lentillas.com\/blog\/tendencias-en-gafas-de-sol-para-la-primavera-verano-2025\/","og_locale":"es_ES","og_type":"article","og_title":"Tendencias en gafas de sol para la primavera-verano 2025 - Blog e-lentillas","og_description":"Descubre las gafas de sol que son tendencia en primavera-verano 2025: formas cuadradas, colores pastel y cat eye","og_url":"https:\/\/www.e-lentillas.com\/blog\/tendencias-en-gafas-de-sol-para-la-primavera-verano-2025\/","og_site_name":"Blog e-lentillas","article_publisher":"https:\/\/www.facebook.com\/elentillas\/","article_author":"https:\/\/www.facebook.com\/elentillas\/","article_published_time":"2025-07-22T13:59:02+00:00","article_modified_time":"2025-07-23T16:27:33+00:00","og_image":[{"width":2560,"height":1920,"url":"https:\/\/www.e-lentillas.com\/blog\/wp-content\/uploads\/2025\/07\/pexels-vitorcastrofotografia-1827354-scaled.jpg","type":"image\/jpeg"}],"author":"e-lentillas","twitter_card":"summary_large_image","twitter_misc":{"Escrito por":"e-lentillas","Tiempo de lectura":"3 minutos"},"schema":{"@context":"https:\/\/schema.org","@graph":[{"@type":["WebPage","ItemPage"],"@id":"https:\/\/www.e-lentillas.com\/blog\/tendencias-en-gafas-de-sol-para-la-primavera-verano-2025\/","url":"https:\/\/www.e-lentillas.com\/blog\/tendencias-en-gafas-de-sol-para-la-primavera-verano-2025\/","name":"Tendencias en gafas de sol para la primavera-verano 2025 - Blog e-lentillas","isPartOf":{"@id":"https:\/\/www.e-lentillas.com\/blog\/#website"},"primaryImageOfPage":{"@id":"https:\/\/www.e-lentillas.com\/blog\/tendencias-en-gafas-de-sol-para-la-primavera-verano-2025\/#primaryimage"},"image":{"@id":"https:\/\/www.e-lentillas.com\/blog\/tendencias-en-gafas-de-sol-para-la-primavera-verano-2025\/#primaryimage"},"thumbnailUrl":"https:\/\/www.e-lentillas.com\/blog\/wp-content\/uploads\/2025\/07\/pexels-vitorcastrofotografia-1827354-scaled.jpg","datePublished":"2025-07-22T13:59:02+00:00","dateModified":"2025-07-23T16:27:33+00:00","author":{"@id":"https:\/\/www.e-lentillas.com\/blog\/#\/schema\/person\/4d475bf387fe7f5c06e08296fd61a35f"},"description":"Descubre las gafas de sol que son tendencia en primavera-verano 2025: formas cuadradas, colores pastel y cat eye","breadcrumb":{"@id":"https:\/\/www.e-lentillas.com\/blog\/tendencias-en-gafas-de-sol-para-la-primavera-verano-2025\/#breadcrumb"},"inLanguage":"es","potentialAction":[{"@type":"ReadAction","target":["https:\/\/www.e-lentillas.com\/blog\/tendencias-en-gafas-de-sol-para-la-primavera-verano-2025\/"]}]},{"@type":"ImageObject","inLanguage":"es","@id":"https:\/\/www.e-lentillas.com\/blog\/tendencias-en-gafas-de-sol-para-la-primavera-verano-2025\/#primaryimage","url":"https:\/\/www.e-lentillas.com\/blog\/wp-content\/uploads\/2025\/07\/pexels-vitorcastrofotografia-1827354-scaled.jpg","contentUrl":"https:\/\/www.e-lentillas.com\/blog\/wp-content\/uploads\/2025\/07\/pexels-vitorcastrofotografia-1827354-scaled.jpg","width":2560,"height":1920},{"@type":"BreadcrumbList","@id":"https:\/\/www.e-lentillas.com\/blog\/tendencias-en-gafas-de-sol-para-la-primavera-verano-2025\/#breadcrumb","itemListElement":[{"@type":"ListItem","position":1,"name":"Portada","item":"https:\/\/www.e-lentillas.com\/blog\/"},{"@type":"ListItem","position":2,"name":"Tendencias en gafas de sol para la primavera-verano 2025"}]},{"@type":"WebSite","@id":"https:\/\/www.e-lentillas.com\/blog\/#website","url":"https:\/\/www.e-lentillas.com\/blog\/","name":"Blog e-lentillas","description":"noticias, informaci\u00f3n, consejos y todo lo relacionado con salud ocular, lentes de contacto, soluciones de limpieza, entre otros","alternateName":"E-lentillas tu \u00f3ptica online 24 horas","potentialAction":[{"@type":"SearchAction","target":{"@type":"EntryPoint","urlTemplate":"https:\/\/www.e-lentillas.com\/blog\/?s={search_term_string}"},"query-input":{"@type":"PropertyValueSpecification","valueRequired":true,"valueName":"search_term_string"}}],"inLanguage":"es"},{"@type":"Person","@id":"https:\/\/www.e-lentillas.com\/blog\/#\/schema\/person\/4d475bf387fe7f5c06e08296fd61a35f","name":"e-lentillas","image":{"@type":"ImageObject","inLanguage":"es","@id":"https:\/\/www.e-lentillas.com\/blog\/#\/schema\/person\/image\/","url":"https:\/\/secure.gravatar.com\/avatar\/c2f4bcab00ef3de349f724e9fd6140a6?s=96&d=mm&r=g","contentUrl":"https:\/\/secure.gravatar.com\/avatar\/c2f4bcab00ef3de349f724e9fd6140a6?s=96&d=mm&r=g","caption":"e-lentillas"},"sameAs":["https:\/\/www.e-lentillas.com\/blog\/","https:\/\/www.facebook.com\/elentillas\/","https:\/\/www.instagram.com\/elentillas\/"]}]}},"_links":{"self":[{"href":"https:\/\/www.e-lentillas.com\/blog\/wp-json\/wp\/v2\/posts\/1856"}],"collection":[{"href":"https:\/\/www.e-lentillas.com\/blog\/wp-json\/wp\/v2\/posts"}],"about":[{"href":"https:\/\/www.e-lentillas.com\/blog\/wp-json\/wp\/v2\/types\/post"}],"author":[{"embeddable":true,"href":"https:\/\/www.e-lentillas.com\/blog\/wp-json\/wp\/v2\/users\/1"}],"replies":[{"embeddable":true,"href":"https:\/\/www.e-lentillas.com\/blog\/wp-json\/wp\/v2\/comments?post=1856"}],"version-history":[{"count":7,"href":"https:\/\/www.e-lentillas.com\/blog\/wp-json\/wp\/v2\/posts\/1856\/revisions"}],"predecessor-version":[{"id":1869,"href":"https:\/\/www.e-lentillas.com\/blog\/wp-json\/wp\/v2\/posts\/1856\/revisions\/1869"}],"wp:featuredmedia":[{"embeddable":true,"href":"https:\/\/www.e-lentillas.com\/blog\/wp-json\/wp\/v2\/media\/1865"}],"wp:attachment":[{"href":"https:\/\/www.e-lentillas.com\/blog\/wp-json\/wp\/v2\/media?parent=1856"}],"wp:term":[{"taxonomy":"category","embeddable":true,"href":"https:\/\/www.e-lentillas.com\/blog\/wp-json\/wp\/v2\/categories?post=1856"},{"taxonomy":"post_tag","embeddable":true,"href":"https:\/\/www.e-lentillas.com\/blog\/wp-json\/wp\/v2\/tags?post=1856"}],"curies":[{"name":"wp","href":"https:\/\/api.w.org\/{rel}","templated":true}]}}